{"id":2666,"date":"2017-07-04T15:17:13","date_gmt":"2017-07-04T13:17:13","guid":{"rendered":"http:\/\/www.demenhouse.fr\/?p=2666"},"modified":"2022-04-01T23:24:24","modified_gmt":"2022-04-01T23:24:24","slug":"aides-et-dispositions-pour-demenagement-militaire","status":"publish","type":"post","link":"https:\/\/www.demenhouse.fr\/blog-conseils\/aides-et-dispositions-pour-demenagement-militaire\/","title":{"rendered":"Aides et dispositions pour d\u00e9m\u00e9nagement militaire"},"content":{"rendered":"<h1><span style=\"font-weight: 400;\">Vous \u00eates militaire et vous souhaitez d\u00e9m\u00e9nager\u00a0? <\/span><\/h1>\n<p>Demen\u2019House vous fait un r\u00e9capitulatif des aides misent \u00e0 votre disposition pour le\u00a0d\u00e9m\u00e9nagement militaire et vous donnent les conditions d\u2019acc\u00e8s.<\/p>\n<p><b>Le droit \u00e0 l\u2019indemnisation<\/b><span style=\"font-weight: 400;\"> des frais de d\u00e9m\u00e9nagement n\u2019est pas automatique et est accord\u00e9 par le Minist\u00e8re de la D\u00e9fense.\u00a0Les personnels militaires et les gendarmes\u00a0doivent en <\/span><b>faire la demande \u00e0 leur service administratif de rattachement.<\/b><\/p>\n<p><span style=\"font-weight: 400;\">Tout d\u2019abord, une nouvelle r\u00e9glementation relative \u00e0 la mutation, au d\u00e9m\u00e9nagement et au changement de r\u00e9sidence des militaires et de leur famille, a \u00e9t\u00e9 mise en place depuis le 1er octobre 2007. Cette nouvelle r\u00e9glementation met en place <\/span><b>de nouvelles dispositions en mati\u00e8re de d\u00e9m\u00e9nagement<\/b><span style=\"font-weight: 400;\">\u00a0militaire : <\/span><\/p>\n<p><span style=\"font-weight: 400;\">&#8211; Un plafond en volume\u00a0: La notion de grade n\u2019est plus prise en compte, le droit au cubage est maintenant <\/span><b>d\u00e9termin\u00e9 par l\u2019anciennet\u00e9 <\/b><span style=\"font-weight: 400;\">(plus ou moins de 15 ans).<\/span><\/p>\n<table>\n<tbody>\n<tr>\n<td><span style=\"font-weight: 400;\">Anciennet\u00e9<\/span><\/td>\n<td><span style=\"font-weight: 400;\">Militaire<\/span><\/td>\n<td><span style=\"font-weight: 400;\">Conjoint<\/span><\/td>\n<td><span style=\"font-weight: 400;\">Enfant et\/ou parent h\u00e9berg\u00e9<\/span><\/td>\n<\/tr>\n<tr>\n<td><span style=\"font-weight: 400;\">Plus de 15 ans<\/span><\/td>\n<td><span style=\"font-weight: 400;\">25m\u00b3<\/span><\/td>\n<td><span style=\"font-weight: 400;\">20m\u00b3<\/span><\/td>\n<td><span style=\"font-weight: 400;\">5m\u00b3<\/span><\/td>\n<\/tr>\n<tr>\n<td><span style=\"font-weight: 400;\">Moins de 15 ans<\/span><\/td>\n<td><span style=\"font-weight: 400;\">20m\u00b3<\/span><\/td>\n<td><span style=\"font-weight: 400;\">15m\u00b3<\/span><\/td>\n<td><span style=\"font-weight: 400;\">5m\u00b3<\/span><\/td>\n<\/tr>\n<\/tbody>\n<\/table>\n<p><span style=\"font-weight: 400;\"><br \/>\n&#8211; Un nouveau dispositif quant \u00e0 votre situation familiale. Le PACS est d\u00e9sormais reconnu et vous donnent <\/span><b>les m\u00eames droits qu\u2019un couple mari\u00e9 s\u2019il a plus de 3 ans.<\/b><\/p>\n<p><b>&#8211; Un plafond financier\u00a0: <\/b><span style=\"font-weight: 400;\">Afin de vous inciter \u00e0 faire des \u00e9conomies,\u00a0le minist\u00e8re de la d\u00e9fense vous reverse 50 % de la diff\u00e9rence entre la facture du d\u00e9m\u00e9nageur et le plafond\u00a0auquel vous aviez droit. La seule contrainte est d\u2019avoir utilis\u00e9 l\u2019int\u00e9gralit\u00e9 de son cubage !<\/span><\/p>\n<p><span style=\"font-weight: 400;\">Si vous souhaitez conna\u00eetre votre plafond financier et le montant de cette prime d\u2019int\u00e9ressement \u00e0 la n\u00e9gociation, vous pouvez effectuer <\/span><span style=\"font-weight: 400;\">un devis<\/span><span style=\"font-weight: 400;\"> sur notre site et un expert se chargera pour vous d\u2019effectuer ces d\u00e9marches.<\/span><\/p>\n<p><span style=\"font-weight: 400;\">Afin de valider votre dossier aupr\u00e8s du Minist\u00e8re de la D\u00e9fense vous devrez pr\u00e9senter au minimum deux devis offrant un bon rapport qualit\u00e9\/prix. Ces devis devront obligatoirement respecter les crit\u00e8res impos\u00e9s par le Minist\u00e8re. Ils devront mentionner le volume \u00e0 transporter, la distance \u00e0 parcourir, les dates et les adresses d&#8217;enl\u00e8vement et de d\u00e9chargement ainsi que le prix des suppl\u00e9ments \u00e9ventuels comme l\u2019utilisation d\u2019un monte meuble.<\/span><\/p>\n<p><span style=\"font-weight: 400;\">Si vous souhaitez lire de texte de loi concernant le d\u00e9m\u00e9nagement militaire vous pouvez vous rendre sur le site\u00a0: <\/span><a href=\"https:\/\/www.legifrance.gouv.fr\/eli\/arrete\/2015\/12\/30\/DEFH1529444A\/jo\"><span style=\"font-weight: 400;\">https:\/\/www.legifrance.gouv.fr\/eli\/arrete\/2015\/12\/30\/DEFH1529444A\/jo<\/span><\/a><span style=\"font-weight: 400;\">.<\/span><\/p>\n","protected":false},"excerpt":{"rendered":"<p>Vous \u00eates militaire et vous souhaitez d\u00e9m\u00e9nager\u00a0? Demen\u2019House vous fait un r\u00e9capitulatif des aides misent \u00e0 votre disposition pour le\u00a0d\u00e9m\u00e9nagement militaire et vous donnent les conditions d\u2019acc\u00e8s. Le droit \u00e0 l\u2019indemnisation des frais de d\u00e9m\u00e9nagement n\u2019est pas automatique et est accord\u00e9 par le Minist\u00e8re de la D\u00e9fense.\u00a0Les personnels militaires et les gendarmes\u00a0doivent en faire la [&hellip;]<\/p>\n","protected":false},"author":1,"featured_media":3149,"comment_status":"closed","ping_status":"open","sticky":false,"template":"","format":"standard","meta":{"_seopress_robots_primary_cat":"","footnotes":""},"categories":[7,8],"tags":[],"class_list":["post-2666","post","type-post","status-publish","format-standard","has-post-thumbnail","hentry","category-aides-demenagement","category-preparation-demenagement"],"_links":{"self":[{"href":"https:\/\/www.demenhouse.fr\/blog-conseils\/wp-json\/wp\/v2\/posts\/2666","targetHints":{"allow":["GET"]}}],"collection":[{"href":"https:\/\/www.demenhouse.fr\/blog-conseils\/wp-json\/wp\/v2\/posts"}],"about":[{"href":"https:\/\/www.demenhouse.fr\/blog-conseils\/wp-json\/wp\/v2\/types\/post"}],"author":[{"embeddable":true,"href":"https:\/\/www.demenhouse.fr\/blog-conseils\/wp-json\/wp\/v2\/users\/1"}],"replies":[{"embeddable":true,"href":"https:\/\/www.demenhouse.fr\/blog-conseils\/wp-json\/wp\/v2\/comments?post=2666"}],"version-history":[{"count":2,"href":"https:\/\/www.demenhouse.fr\/blog-conseils\/wp-json\/wp\/v2\/posts\/2666\/revisions"}],"predecessor-version":[{"id":3552,"href":"https:\/\/www.demenhouse.fr\/blog-conseils\/wp-json\/wp\/v2\/posts\/2666\/revisions\/3552"}],"wp:featuredmedia":[{"embeddable":true,"href":"https:\/\/www.demenhouse.fr\/blog-conseils\/wp-json\/wp\/v2\/media\/3149"}],"wp:attachment":[{"href":"https:\/\/www.demenhouse.fr\/blog-conseils\/wp-json\/wp\/v2\/media?parent=2666"}],"wp:term":[{"taxonomy":"category","embeddable":true,"href":"https:\/\/www.demenhouse.fr\/blog-conseils\/wp-json\/wp\/v2\/categories?post=2666"},{"taxonomy":"post_tag","embeddable":true,"href":"https:\/\/www.demenhouse.fr\/blog-conseils\/wp-json\/wp\/v2\/tags?post=2666"}],"curies":[{"name":"wp","href":"https:\/\/api.w.org\/{rel}","templated":true}]}}